{"id":1005,"date":"2024-12-03T17:01:56","date_gmt":"2024-12-03T16:01:56","guid":{"rendered":"https:\/\/www.waicogroup.com\/fr\/?p=1005"},"modified":"2025-01-13T12:28:12","modified_gmt":"2025-01-13T11:28:12","slug":"waico-group-will-be-attending-sigep-2025","status":"publish","type":"post","link":"https:\/\/www.waicogroup.com\/fr\/blog\/2024\/12\/03\/waico-group-will-be-attending-sigep-2025\/","title":{"rendered":"WAICO GROUP will be attending SIGEP 2025"},"content":{"rendered":"\n<h2 class=\"wp-block-heading has-heading-h-2-font-size\">A special event for all bakery, pastry, and pizza professionals<\/h2>\n\n\n\n<div class=\"wp-block-columns is-layout-flex wp-container-core-columns-is-layout-28f84493 wp-block-columns-is-layout-flex\">\n<div class=\"wp-block-column is-layout-flow wp-block-column-is-layout-flow\" style=\"flex-basis:100%\">\n<figure class=\"wp-block-image aligncenter size-full\"><img loading=\"lazy\" decoding=\"async\" width=\"620\" height=\"620\" src=\"https:\/\/www.waicogroup.com\/fr\/wp-content\/uploads\/sites\/3\/2024\/12\/news-waico.jpg\" alt=\"\" class=\"wp-image-1006\" srcset=\"https:\/\/www.waicogroup.com\/fr\/wp-content\/uploads\/sites\/3\/2024\/12\/news-waico.jpg 620w, https:\/\/www.waicogroup.com\/fr\/wp-content\/uploads\/sites\/3\/2024\/12\/news-waico-300x300.jpg 300w, https:\/\/www.waicogroup.com\/fr\/wp-content\/uploads\/sites\/3\/2024\/12\/news-waico-150x150.jpg 150w\" sizes=\"auto, (max-width: 620px) 100vw, 620px\" \/><\/figure>\n<\/div>\n\n\n\n<div class=\"wp-block-column is-layout-flow wp-block-column-is-layout-flow\" style=\"flex-basis:100%\">\n<p class=\"\">From <strong>January 18th to 22nd<\/strong>, we will be at the international <strong>SIGEP fair in Rimini<\/strong>, a special event for all professionals in the White Art industry. <br>With over 180,000 visitors from more than 160 countries, it\u2019s the key event for the entire Foodservice community.<br><br>Join us for a rich program of <strong>Masterclasses<\/strong>&nbsp;and <strong>Showcooking<\/strong>, inside our Bakery and Pizza Labs, with top professionals in the industry, to discover new recipes, trends, and innovations in the world of <strong>Pizza, Pastry &amp; Bakery<\/strong>.<br><br>We are waiting for you!<br><br>\ud83d\udccd <strong>18-22 January 2025<br><\/strong>\ud83d\udccd Rimini Fair &#8211; East Entrance<br>\ud83d\udccd <strong>Hall D7 &#8211; Stand 066<br><\/strong>\ud83d\udccd Waico Group<\/p>\n<\/div>\n<\/div>\n\n\n\n<div class=\"wp-block-columns is-layout-flex wp-container-core-columns-is-layout-28f84493 wp-block-columns-is-layout-flex\">\n<div class=\"wp-block-column is-layout-flow wp-block-column-is-layout-flow\">\n<h4 class=\"wp-block-heading\">MASTERCLASS SIGEP \u201825 &#8211; PROGRAM<\/h4>\n\n\n\n<div class=\"wp-block-columns is-layout-flex wp-container-core-columns-is-layout-28f84493 wp-block-columns-is-layout-flex\">\n<div class=\"wp-block-column is-layout-flow wp-block-column-is-layout-flow\">\n<h5 class=\"wp-block-heading\"><strong>SATURDAY 18.01.25<\/strong><\/h5>\n\n\n\n<p class=\"\">H.10.30 > <strong>BOSCIA + CAPPELLETTI<\/strong> (Bakery Lab)<br>_ The strength of a group in the laboratory<br>H.11.30 > <strong>VITO DE VITA<\/strong> (Pizza Lab)<br>_ Classic and contemporary Neapolitan pizza with Caruso\u00ae<br>H.12.30 > <strong>MAURIZIO LEONE<\/strong> (Pizza Lab)<br>_ The features of a tunnel oven: efficiency and performance<br>H.13.30 > <strong>MASSIMILIANO SAIEVA<\/strong> (Pizza Lab)<br>_ Pala Romana: uniformity and crispiness with a touch<br>H.14.30 > <strong>BOSCIA + CAPPELLETTI<\/strong> (Bakery Lab)<br>_ Precise lamination , easy cleaning and non stop production<br>H.15.30 > <strong>PANATE\u2019 GLIEVITATI<\/strong> (Pizza Lab)<br>_ Beyond bars, beyond pinsa: stories of valour, salvation and revenge<br>H.16.30 > <strong>ANTONIO ZINGARO<\/strong> (Pizza Lab)<br>_ Be Smart: The evolution of contemporary pizza<\/p>\n\n\n\n<h5 class=\"wp-block-heading\"><strong><strong>SUNDAY 19.01.25<\/strong><\/strong><\/h5>\n\n\n\n<p class=\"\"><strong>H.10.30 &gt; BOSCIA + CAPPELLETTI<\/strong> (Bakery Lab)<br>_ Hard or hydrated doughs with variable speed bowl<br><strong>H.11.30 &gt; GABRIELE BONCI<\/strong> (Pizza Lab)<br>_ Naturally Bonci<br><strong>H.12.30 &gt; MATTEO PRANDI<\/strong> (Bakery Lab)<br>_ Gourmet focaccia in fine dining<br><strong>H.13.30 &gt; ALEX LO STOCCO<\/strong> (Pizza Lab)<br>_ Effortless: The future of baking<br><strong>H.14.30 &gt; LORETTA FANELLA<\/strong> (Bakery Lab)<br>_ The evolution of pastry making<br><strong>H.15.30 &gt; MASSIMILIANO SAIEVA<\/strong> (Pizza Lab)<br>_ Tradition, innovation and authenticity in the Roman pan<br><strong>H.16.30 &gt; CRISTIANO GARBARINO<\/strong> (Pizza Lab)<br>_ A Thousand and One Shades of Baciata<\/p>\n\n\n\n<h5 class=\"wp-block-heading\"><strong>MONDAY 20.01.25<\/strong><\/h5>\n\n\n\n<p class=\"\">H.10.30 > <strong>BOSCIA + CAPPELLETTI<\/strong> (Bakery Lab)<br>_ Pane Cafone, Ciabatta, Buns and Pinsa without preform<br>H.11.30 > <strong>ALVARO COCCHIARELLA<\/strong> (Pizza Lab)<br>_ In Italy: Artisanal Fast with Tunnel Stone<br>H.12.30 > <strong>FRANCESCA MARCANTOGNINI<\/strong> (Bakery Lab)<br>_ The sweet pan as dessert<br>H.13.30 > <strong>MASSIMILIANO SAIEVA<\/strong> (Pizza Lab)<br>_ Baking quality, food cost and communication in a new Startup<br>H.14.30 > <strong>GINO SORBILLO + ALEX LO STOCCO<\/strong> (Pizza Lab)<br>_ Bake R\/\/Evolution<br>H.15.30 > <strong>MARCO GARATTONI<\/strong> (Bakery Lab)<br>_ The bread basket in starred restaurants<br>H.16.30 > <strong>VITO DE VITA<\/strong> (Pizza Lab)<br>_ Electric oven vs. Wood-fired oven<\/p>\n<\/div>\n\n\n\n<div class=\"wp-block-column is-layout-flow wp-block-column-is-layout-flow\">\n<h5 class=\"wp-block-heading\"><strong><strong>TUESDAY 21.01.25<\/strong><\/strong><\/h5>\n\n\n\n<p class=\"\">H.10.30 > <strong>BOSCIA + CAPPELLETTI<\/strong> (Bakery Lab)<br>_ Panettone vs. Planetary Mixer<br>H.11.30 > <strong>CRISTIANO TAURISANO<\/strong> (Pizza Lab)<br>_ Between research and innovation in a contemporary Neapolitan round Pizza<br>H.12.30 > <strong>LORENZA ROIATI<\/strong> (Bakery Lab)<br>_ Stories of Sourdough and Bread with L\u2019Assalto ai Forni<br>H.13.30 > <strong>ANDREA GODI<\/strong> (Pizza Lab)<br>_ The perfect balance between taste, touch and sight<br>H.14.30 > <strong>FABBRI + CAPPELLETTI<\/strong> (Bakery Lab)<br>_ Gino Fabbri&rsquo;s peaches<br>H.15.30 > <strong>MASSIMILIANO SAIEVA<\/strong> (Pizza Lab)<br>_ Heat management through technology, digitalization, programmability<br>H.16.30 > <strong>CRISTIANO GARBARINO<\/strong> (Pizza Lab)<br>_ The evolution of the Pizza &amp; Bakery world with Visor<\/p>\n\n\n\n<h5 class=\"wp-block-heading\"><strong>WEDNESDAY 22.01.25<\/strong><\/h5>\n\n\n\n<p class=\"\"><strong>H.11.30 &gt; MAURIZIO LEONE<\/strong> (Pizza Lab)<br>_ Pizza alla pala: heat management with Tunnel Stone<br><strong>H.12.30 &gt; MASSIMILIANO SAIEVA<\/strong> (Pizza Lab)<br>_ Energy saving, efficiency and sustainability<br><strong>H.13.30 &gt; ANTONIO ZINGARO<\/strong> (Pizza Lab)<br>_ Digitalization, functionality and cooking performance with Caruso\u00ae<\/p>\n<\/div>\n<\/div>\n<\/div>\n<\/div>\n","protected":false},"excerpt":{"rendered":"<p>Starting from January 18th to 22nd you can find us at SIGEP international exhibition in Rimini, where Waico will be present with a wide area where you can discover our products range.<\/p>\n","protected":false},"author":4,"featured_media":1007,"comment_status":"closed","ping_status":"closed","sticky":false,"template":"","format":"standard","meta":{"_acf_changed":false,"content-type":"","footnotes":""},"categories":[11],"tags":[],"class_list":["post-1005","post","type-post","status-publish","format-standard","has-post-thumbnail","hentry","category-actualites-medias"],"acf":[],"yoast_head":"<!-- This site is optimized with the Yoast SEO plugin v26.6 - https:\/\/yoast.com\/wordpress\/plugins\/seo\/ -->\n<title>WAICO GROUP will be attending SIGEP 2025 - Waico Group Fran\u00e7ais<\/title>\n<meta name=\"robots\" content=\"index, follow, max-snippet:-1, max-image-preview:large, max-video-preview:-1\" \/>\n<link rel=\"canonical\" href=\"https:\/\/www.waicogroup.com\/fr\/blog\/2024\/12\/03\/waico-group-will-be-attending-sigep-2025\/\" \/>\n<meta property=\"og:locale\" content=\"fr_FR\" \/>\n<meta property=\"og:type\" content=\"article\" \/>\n<meta property=\"og:title\" content=\"WAICO GROUP will be attending SIGEP 2025 - Waico Group Fran\u00e7ais\" \/>\n<meta property=\"og:description\" content=\"Starting from January 18th to 22nd you can find us at SIGEP international exhibition in Rimini, where Waico will be present with a wide area where you can discover our products range.\" \/>\n<meta property=\"og:url\" content=\"https:\/\/www.waicogroup.com\/fr\/blog\/2024\/12\/03\/waico-group-will-be-attending-sigep-2025\/\" \/>\n<meta property=\"og:site_name\" content=\"Waico Group Fran\u00e7ais\" \/>\n<meta property=\"article:published_time\" content=\"2024-12-03T16:01:56+00:00\" \/>\n<meta property=\"article:modified_time\" content=\"2025-01-13T11:28:12+00:00\" \/>\n<meta property=\"og:image\" content=\"https:\/\/www.waicogroup.com\/fr\/wp-content\/uploads\/sites\/3\/2024\/12\/300x350-anteprima-news-waico.jpg\" \/>\n\t<meta property=\"og:image:width\" content=\"300\" \/>\n\t<meta property=\"og:image:height\" content=\"350\" \/>\n\t<meta property=\"og:image:type\" content=\"image\/jpeg\" \/>\n<meta name=\"author\" content=\"Waico Group\" \/>\n<meta name=\"twitter:card\" content=\"summary_large_image\" \/>\n<meta name=\"twitter:label1\" content=\"\u00c9crit par\" \/>\n\t<meta name=\"twitter:data1\" content=\"Waico Group\" \/>\n\t<meta name=\"twitter:label2\" content=\"Dur\u00e9e de lecture estim\u00e9e\" \/>\n\t<meta name=\"twitter:data2\" content=\"3 minutes\" \/>\n<script type=\"application\/ld+json\" class=\"yoast-schema-graph\">{\"@context\":\"https:\/\/schema.org\",\"@graph\":[{\"@type\":\"WebPage\",\"@id\":\"https:\/\/www.waicogroup.com\/fr\/blog\/2024\/12\/03\/waico-group-will-be-attending-sigep-2025\/\",\"url\":\"https:\/\/www.waicogroup.com\/fr\/blog\/2024\/12\/03\/waico-group-will-be-attending-sigep-2025\/\",\"name\":\"WAICO GROUP will be attending SIGEP 2025 - Waico Group Fran\u00e7ais\",\"isPartOf\":{\"@id\":\"https:\/\/www.waicogroup.com\/fr\/#website\"},\"primaryImageOfPage\":{\"@id\":\"https:\/\/www.waicogroup.com\/fr\/blog\/2024\/12\/03\/waico-group-will-be-attending-sigep-2025\/#primaryimage\"},\"image\":{\"@id\":\"https:\/\/www.waicogroup.com\/fr\/blog\/2024\/12\/03\/waico-group-will-be-attending-sigep-2025\/#primaryimage\"},\"thumbnailUrl\":\"https:\/\/www.waicogroup.com\/fr\/wp-content\/uploads\/sites\/3\/2024\/12\/300x350-anteprima-news-waico.jpg\",\"datePublished\":\"2024-12-03T16:01:56+00:00\",\"dateModified\":\"2025-01-13T11:28:12+00:00\",\"author\":{\"@id\":\"https:\/\/www.waicogroup.com\/fr\/#\/schema\/person\/b77cc1d88518c61e415478d97ec67973\"},\"breadcrumb\":{\"@id\":\"https:\/\/www.waicogroup.com\/fr\/blog\/2024\/12\/03\/waico-group-will-be-attending-sigep-2025\/#breadcrumb\"},\"inLanguage\":\"fr-FR\",\"potentialAction\":[{\"@type\":\"ReadAction\",\"target\":[\"https:\/\/www.waicogroup.com\/fr\/blog\/2024\/12\/03\/waico-group-will-be-attending-sigep-2025\/\"]}]},{\"@type\":\"ImageObject\",\"inLanguage\":\"fr-FR\",\"@id\":\"https:\/\/www.waicogroup.com\/fr\/blog\/2024\/12\/03\/waico-group-will-be-attending-sigep-2025\/#primaryimage\",\"url\":\"https:\/\/www.waicogroup.com\/fr\/wp-content\/uploads\/sites\/3\/2024\/12\/300x350-anteprima-news-waico.jpg\",\"contentUrl\":\"https:\/\/www.waicogroup.com\/fr\/wp-content\/uploads\/sites\/3\/2024\/12\/300x350-anteprima-news-waico.jpg\",\"width\":300,\"height\":350},{\"@type\":\"BreadcrumbList\",\"@id\":\"https:\/\/www.waicogroup.com\/fr\/blog\/2024\/12\/03\/waico-group-will-be-attending-sigep-2025\/#breadcrumb\",\"itemListElement\":[{\"@type\":\"ListItem\",\"position\":1,\"name\":\"Home\",\"item\":\"https:\/\/www.waicogroup.com\/fr\/\"},{\"@type\":\"ListItem\",\"position\":2,\"name\":\"WAICO GROUP will be attending SIGEP 2025\"}]},{\"@type\":\"WebSite\",\"@id\":\"https:\/\/www.waicogroup.com\/fr\/#website\",\"url\":\"https:\/\/www.waicogroup.com\/fr\/\",\"name\":\"Waico Group Fran\u00e7ais\",\"description\":\"\",\"potentialAction\":[{\"@type\":\"SearchAction\",\"target\":{\"@type\":\"EntryPoint\",\"urlTemplate\":\"https:\/\/www.waicogroup.com\/fr\/?s={search_term_string}\"},\"query-input\":{\"@type\":\"PropertyValueSpecification\",\"valueRequired\":true,\"valueName\":\"search_term_string\"}}],\"inLanguage\":\"fr-FR\"},{\"@type\":\"Person\",\"@id\":\"https:\/\/www.waicogroup.com\/fr\/#\/schema\/person\/b77cc1d88518c61e415478d97ec67973\",\"name\":\"Waico Group\",\"image\":{\"@type\":\"ImageObject\",\"inLanguage\":\"fr-FR\",\"@id\":\"https:\/\/www.waicogroup.com\/fr\/#\/schema\/person\/image\/\",\"url\":\"https:\/\/secure.gravatar.com\/avatar\/33c050bbb7f82db376157eacafe471d55dff0d7104fb6ed26afd43ca059e7cde?s=96&d=mm&r=g\",\"contentUrl\":\"https:\/\/secure.gravatar.com\/avatar\/33c050bbb7f82db376157eacafe471d55dff0d7104fb6ed26afd43ca059e7cde?s=96&d=mm&r=g\",\"caption\":\"Waico Group\"},\"url\":\"https:\/\/www.waicogroup.com\/fr\/blog\/author\/waico-group\/\"}]}<\/script>\n<!-- \/ Yoast SEO plugin. -->","yoast_head_json":{"title":"WAICO GROUP will be attending SIGEP 2025 - Waico Group Fran\u00e7ais","robots":{"index":"index","follow":"follow","max-snippet":"max-snippet:-1","max-image-preview":"max-image-preview:large","max-video-preview":"max-video-preview:-1"},"canonical":"https:\/\/www.waicogroup.com\/fr\/blog\/2024\/12\/03\/waico-group-will-be-attending-sigep-2025\/","og_locale":"fr_FR","og_type":"article","og_title":"WAICO GROUP will be attending SIGEP 2025 - Waico Group Fran\u00e7ais","og_description":"Starting from January 18th to 22nd you can find us at SIGEP international exhibition in Rimini, where Waico will be present with a wide area where you can discover our products range.","og_url":"https:\/\/www.waicogroup.com\/fr\/blog\/2024\/12\/03\/waico-group-will-be-attending-sigep-2025\/","og_site_name":"Waico Group Fran\u00e7ais","article_published_time":"2024-12-03T16:01:56+00:00","article_modified_time":"2025-01-13T11:28:12+00:00","og_image":[{"width":300,"height":350,"url":"https:\/\/www.waicogroup.com\/fr\/wp-content\/uploads\/sites\/3\/2024\/12\/300x350-anteprima-news-waico.jpg","type":"image\/jpeg"}],"author":"Waico Group","twitter_card":"summary_large_image","twitter_misc":{"\u00c9crit par":"Waico Group","Dur\u00e9e de lecture estim\u00e9e":"3 minutes"},"schema":{"@context":"https:\/\/schema.org","@graph":[{"@type":"WebPage","@id":"https:\/\/www.waicogroup.com\/fr\/blog\/2024\/12\/03\/waico-group-will-be-attending-sigep-2025\/","url":"https:\/\/www.waicogroup.com\/fr\/blog\/2024\/12\/03\/waico-group-will-be-attending-sigep-2025\/","name":"WAICO GROUP will be attending SIGEP 2025 - Waico Group Fran\u00e7ais","isPartOf":{"@id":"https:\/\/www.waicogroup.com\/fr\/#website"},"primaryImageOfPage":{"@id":"https:\/\/www.waicogroup.com\/fr\/blog\/2024\/12\/03\/waico-group-will-be-attending-sigep-2025\/#primaryimage"},"image":{"@id":"https:\/\/www.waicogroup.com\/fr\/blog\/2024\/12\/03\/waico-group-will-be-attending-sigep-2025\/#primaryimage"},"thumbnailUrl":"https:\/\/www.waicogroup.com\/fr\/wp-content\/uploads\/sites\/3\/2024\/12\/300x350-anteprima-news-waico.jpg","datePublished":"2024-12-03T16:01:56+00:00","dateModified":"2025-01-13T11:28:12+00:00","author":{"@id":"https:\/\/www.waicogroup.com\/fr\/#\/schema\/person\/b77cc1d88518c61e415478d97ec67973"},"breadcrumb":{"@id":"https:\/\/www.waicogroup.com\/fr\/blog\/2024\/12\/03\/waico-group-will-be-attending-sigep-2025\/#breadcrumb"},"inLanguage":"fr-FR","potentialAction":[{"@type":"ReadAction","target":["https:\/\/www.waicogroup.com\/fr\/blog\/2024\/12\/03\/waico-group-will-be-attending-sigep-2025\/"]}]},{"@type":"ImageObject","inLanguage":"fr-FR","@id":"https:\/\/www.waicogroup.com\/fr\/blog\/2024\/12\/03\/waico-group-will-be-attending-sigep-2025\/#primaryimage","url":"https:\/\/www.waicogroup.com\/fr\/wp-content\/uploads\/sites\/3\/2024\/12\/300x350-anteprima-news-waico.jpg","contentUrl":"https:\/\/www.waicogroup.com\/fr\/wp-content\/uploads\/sites\/3\/2024\/12\/300x350-anteprima-news-waico.jpg","width":300,"height":350},{"@type":"BreadcrumbList","@id":"https:\/\/www.waicogroup.com\/fr\/blog\/2024\/12\/03\/waico-group-will-be-attending-sigep-2025\/#breadcrumb","itemListElement":[{"@type":"ListItem","position":1,"name":"Home","item":"https:\/\/www.waicogroup.com\/fr\/"},{"@type":"ListItem","position":2,"name":"WAICO GROUP will be attending SIGEP 2025"}]},{"@type":"WebSite","@id":"https:\/\/www.waicogroup.com\/fr\/#website","url":"https:\/\/www.waicogroup.com\/fr\/","name":"Waico Group Fran\u00e7ais","description":"","potentialAction":[{"@type":"SearchAction","target":{"@type":"EntryPoint","urlTemplate":"https:\/\/www.waicogroup.com\/fr\/?s={search_term_string}"},"query-input":{"@type":"PropertyValueSpecification","valueRequired":true,"valueName":"search_term_string"}}],"inLanguage":"fr-FR"},{"@type":"Person","@id":"https:\/\/www.waicogroup.com\/fr\/#\/schema\/person\/b77cc1d88518c61e415478d97ec67973","name":"Waico Group","image":{"@type":"ImageObject","inLanguage":"fr-FR","@id":"https:\/\/www.waicogroup.com\/fr\/#\/schema\/person\/image\/","url":"https:\/\/secure.gravatar.com\/avatar\/33c050bbb7f82db376157eacafe471d55dff0d7104fb6ed26afd43ca059e7cde?s=96&d=mm&r=g","contentUrl":"https:\/\/secure.gravatar.com\/avatar\/33c050bbb7f82db376157eacafe471d55dff0d7104fb6ed26afd43ca059e7cde?s=96&d=mm&r=g","caption":"Waico Group"},"url":"https:\/\/www.waicogroup.com\/fr\/blog\/author\/waico-group\/"}]}},"_links":{"self":[{"href":"https:\/\/www.waicogroup.com\/fr\/wp-json\/wp\/v2\/posts\/1005","targetHints":{"allow":["GET"]}}],"collection":[{"href":"https:\/\/www.waicogroup.com\/fr\/wp-json\/wp\/v2\/posts"}],"about":[{"href":"https:\/\/www.waicogroup.com\/fr\/wp-json\/wp\/v2\/types\/post"}],"author":[{"embeddable":true,"href":"https:\/\/www.waicogroup.com\/fr\/wp-json\/wp\/v2\/users\/4"}],"replies":[{"embeddable":true,"href":"https:\/\/www.waicogroup.com\/fr\/wp-json\/wp\/v2\/comments?post=1005"}],"version-history":[{"count":0,"href":"https:\/\/www.waicogroup.com\/fr\/wp-json\/wp\/v2\/posts\/1005\/revisions"}],"wp:featuredmedia":[{"embeddable":true,"href":"https:\/\/www.waicogroup.com\/fr\/wp-json\/wp\/v2\/media\/1007"}],"wp:attachment":[{"href":"https:\/\/www.waicogroup.com\/fr\/wp-json\/wp\/v2\/media?parent=1005"}],"wp:term":[{"taxonomy":"category","embeddable":true,"href":"https:\/\/www.waicogroup.com\/fr\/wp-json\/wp\/v2\/categories?post=1005"},{"taxonomy":"post_tag","embeddable":true,"href":"https:\/\/www.waicogroup.com\/fr\/wp-json\/wp\/v2\/tags?post=1005"}],"curies":[{"name":"wp","href":"https:\/\/api.w.org\/{rel}","templated":true}]}}