{"id":1037,"date":"2024-08-29T09:00:00","date_gmt":"2024-08-29T07:00:00","guid":{"rendered":"https:\/\/www.waicogroup.com\/es\/?p=1037"},"modified":"2024-08-30T09:34:07","modified_gmt":"2024-08-30T07:34:07","slug":"waico-group-vuela-a-lima-peru","status":"publish","type":"post","link":"https:\/\/www.waicogroup.com\/es\/blog\/2024\/08\/29\/waico-group-vuela-a-lima-peru\/","title":{"rendered":"WAICO GROUP VUELA A LIMA,\u00a0PER\u00d9"},"content":{"rendered":"\n<div class=\"wp-block-columns is-layout-flex wp-container-core-columns-is-layout-28f84493 wp-block-columns-is-layout-flex\">\n<div class=\"wp-block-column is-layout-flow wp-block-column-is-layout-flow\" style=\"flex-basis:100%\">\n<figure class=\"wp-block-image aligncenter size-full\"><img loading=\"lazy\" decoding=\"async\" width=\"620\" height=\"620\" src=\"https:\/\/www.waicogroup.com\/es\/wp-content\/uploads\/sites\/5\/2024\/08\/Waico_Man-Pan-c.jpg\" alt=\"\" class=\"wp-image-1041\" srcset=\"https:\/\/www.waicogroup.com\/es\/wp-content\/uploads\/sites\/5\/2024\/08\/Waico_Man-Pan-c.jpg 620w, https:\/\/www.waicogroup.com\/es\/wp-content\/uploads\/sites\/5\/2024\/08\/Waico_Man-Pan-c-300x300.jpg 300w, https:\/\/www.waicogroup.com\/es\/wp-content\/uploads\/sites\/5\/2024\/08\/Waico_Man-Pan-c-150x150.jpg 150w\" sizes=\"auto, (max-width: 620px) 100vw, 620px\" \/><\/figure>\n<\/div>\n\n\n\n<div class=\"wp-block-column is-layout-flow wp-block-column-is-layout-flow\" style=\"flex-basis:100%\">\n<p class=\"\">\u00a1Prep\u00e1rate para un viaje culinario \u00fanico!<\/p>\n\n\n\n<p class=\"\">Junto al <strong>Chef Antonio Boscia<\/strong> y en colaboraci\u00f3n con nuestro socio comercial Grupo Man Pan, te invitamos&nbsp;a un&nbsp;exclusivo&nbsp;<strong>taller<\/strong> de 2 d\u00edas sobre <strong>Pizzer\u00eda, Panader\u00eda y&nbsp;pasteler\u00eda&nbsp;Italiana<\/strong>.<\/p>\n\n\n\n<p class=\"\">\ud83d\udd50\u00a010-11 de Septiembre 2024<br>\ud83d\udccc\u00a0Hotel Costa del Sol &#8211; Av. Salaverry 3060, <br>Magdalena del Mar<br>\ud83d\udcdd\u00a0Inscripciones abiertas \u00a1Plazas limitadas!<\/p>\n<\/div>\n<\/div>\n","protected":false},"excerpt":{"rendered":"<p>Un\u00a0exclusivo\u00a0taller de 2 d\u00edas sobre Pizzer\u00eda, Panader\u00eda y\u00a0pasteler\u00eda\u00a0Italiana. 10-11 de Septiembre, Lima, Per\u00fa.<\/p>\n","protected":false},"author":4,"featured_media":1040,"comment_status":"closed","ping_status":"closed","sticky":false,"template":"","format":"standard","meta":{"_acf_changed":false,"content-type":"","footnotes":""},"categories":[11],"tags":[],"class_list":["post-1037","post","type-post","status-publish","format-standard","has-post-thumbnail","hentry","category-noticias-y-prensa"],"acf":[],"yoast_head":"<!-- This site is optimized with the Yoast SEO plugin v26.6 - https:\/\/yoast.com\/wordpress\/plugins\/seo\/ -->\n<title>WAICO GROUP VUELA A LIMA,\u00a0PER\u00d9 - Waico Group ES<\/title>\n<meta name=\"robots\" content=\"index, follow, max-snippet:-1, max-image-preview:large, max-video-preview:-1\" \/>\n<link rel=\"canonical\" href=\"https:\/\/www.waicogroup.com\/es\/blog\/2024\/08\/29\/waico-group-vuela-a-lima-peru\/\" \/>\n<meta property=\"og:locale\" content=\"es_ES\" \/>\n<meta property=\"og:type\" content=\"article\" \/>\n<meta property=\"og:title\" content=\"WAICO GROUP VUELA A LIMA,\u00a0PER\u00d9 - Waico Group ES\" \/>\n<meta property=\"og:description\" content=\"Un\u00a0exclusivo\u00a0taller de 2 d\u00edas sobre Pizzer\u00eda, Panader\u00eda y\u00a0pasteler\u00eda\u00a0Italiana. 10-11 de Septiembre, Lima, Per\u00fa.\" \/>\n<meta property=\"og:url\" content=\"https:\/\/www.waicogroup.com\/es\/blog\/2024\/08\/29\/waico-group-vuela-a-lima-peru\/\" \/>\n<meta property=\"og:site_name\" content=\"Waico Group ES\" \/>\n<meta property=\"article:published_time\" content=\"2024-08-29T07:00:00+00:00\" \/>\n<meta property=\"article:modified_time\" content=\"2024-08-30T07:34:07+00:00\" \/>\n<meta property=\"og:image\" content=\"https:\/\/www.waicogroup.com\/es\/wp-content\/uploads\/sites\/5\/2024\/08\/Waico_Man-Pan-a.jpg\" \/>\n\t<meta property=\"og:image:width\" content=\"300\" \/>\n\t<meta property=\"og:image:height\" content=\"350\" \/>\n\t<meta property=\"og:image:type\" content=\"image\/jpeg\" \/>\n<meta name=\"author\" content=\"Waico Group\" \/>\n<meta name=\"twitter:card\" content=\"summary_large_image\" \/>\n<meta name=\"twitter:label1\" content=\"Escrito por\" \/>\n\t<meta name=\"twitter:data1\" content=\"Waico Group\" \/>\n\t<meta name=\"twitter:label2\" content=\"Tiempo de lectura\" \/>\n\t<meta name=\"twitter:data2\" content=\"1 minuto\" \/>\n<script type=\"application\/ld+json\" class=\"yoast-schema-graph\">{\"@context\":\"https:\/\/schema.org\",\"@graph\":[{\"@type\":\"WebPage\",\"@id\":\"https:\/\/www.waicogroup.com\/es\/blog\/2024\/08\/29\/waico-group-vuela-a-lima-peru\/\",\"url\":\"https:\/\/www.waicogroup.com\/es\/blog\/2024\/08\/29\/waico-group-vuela-a-lima-peru\/\",\"name\":\"WAICO GROUP VUELA A LIMA,\u00a0PER\u00d9 - Waico Group ES\",\"isPartOf\":{\"@id\":\"https:\/\/www.waicogroup.com\/es\/#website\"},\"primaryImageOfPage\":{\"@id\":\"https:\/\/www.waicogroup.com\/es\/blog\/2024\/08\/29\/waico-group-vuela-a-lima-peru\/#primaryimage\"},\"image\":{\"@id\":\"https:\/\/www.waicogroup.com\/es\/blog\/2024\/08\/29\/waico-group-vuela-a-lima-peru\/#primaryimage\"},\"thumbnailUrl\":\"https:\/\/www.waicogroup.com\/es\/wp-content\/uploads\/sites\/5\/2024\/08\/Waico_Man-Pan-a.jpg\",\"datePublished\":\"2024-08-29T07:00:00+00:00\",\"dateModified\":\"2024-08-30T07:34:07+00:00\",\"author\":{\"@id\":\"https:\/\/www.waicogroup.com\/es\/#\/schema\/person\/b77cc1d88518c61e415478d97ec67973\"},\"breadcrumb\":{\"@id\":\"https:\/\/www.waicogroup.com\/es\/blog\/2024\/08\/29\/waico-group-vuela-a-lima-peru\/#breadcrumb\"},\"inLanguage\":\"es\",\"potentialAction\":[{\"@type\":\"ReadAction\",\"target\":[\"https:\/\/www.waicogroup.com\/es\/blog\/2024\/08\/29\/waico-group-vuela-a-lima-peru\/\"]}]},{\"@type\":\"ImageObject\",\"inLanguage\":\"es\",\"@id\":\"https:\/\/www.waicogroup.com\/es\/blog\/2024\/08\/29\/waico-group-vuela-a-lima-peru\/#primaryimage\",\"url\":\"https:\/\/www.waicogroup.com\/es\/wp-content\/uploads\/sites\/5\/2024\/08\/Waico_Man-Pan-a.jpg\",\"contentUrl\":\"https:\/\/www.waicogroup.com\/es\/wp-content\/uploads\/sites\/5\/2024\/08\/Waico_Man-Pan-a.jpg\",\"width\":300,\"height\":350},{\"@type\":\"BreadcrumbList\",\"@id\":\"https:\/\/www.waicogroup.com\/es\/blog\/2024\/08\/29\/waico-group-vuela-a-lima-peru\/#breadcrumb\",\"itemListElement\":[{\"@type\":\"ListItem\",\"position\":1,\"name\":\"Home\",\"item\":\"https:\/\/www.waicogroup.com\/es\/\"},{\"@type\":\"ListItem\",\"position\":2,\"name\":\"WAICO GROUP VUELA A LIMA,\u00a0PER\u00d9\"}]},{\"@type\":\"WebSite\",\"@id\":\"https:\/\/www.waicogroup.com\/es\/#website\",\"url\":\"https:\/\/www.waicogroup.com\/es\/\",\"name\":\"Waico Group ES\",\"description\":\"\",\"potentialAction\":[{\"@type\":\"SearchAction\",\"target\":{\"@type\":\"EntryPoint\",\"urlTemplate\":\"https:\/\/www.waicogroup.com\/es\/?s={search_term_string}\"},\"query-input\":{\"@type\":\"PropertyValueSpecification\",\"valueRequired\":true,\"valueName\":\"search_term_string\"}}],\"inLanguage\":\"es\"},{\"@type\":\"Person\",\"@id\":\"https:\/\/www.waicogroup.com\/es\/#\/schema\/person\/b77cc1d88518c61e415478d97ec67973\",\"name\":\"Waico Group\",\"image\":{\"@type\":\"ImageObject\",\"inLanguage\":\"es\",\"@id\":\"https:\/\/www.waicogroup.com\/es\/#\/schema\/person\/image\/\",\"url\":\"https:\/\/secure.gravatar.com\/avatar\/33c050bbb7f82db376157eacafe471d55dff0d7104fb6ed26afd43ca059e7cde?s=96&d=mm&r=g\",\"contentUrl\":\"https:\/\/secure.gravatar.com\/avatar\/33c050bbb7f82db376157eacafe471d55dff0d7104fb6ed26afd43ca059e7cde?s=96&d=mm&r=g\",\"caption\":\"Waico Group\"},\"url\":\"https:\/\/www.waicogroup.com\/es\/blog\/author\/waico-group\/\"}]}<\/script>\n<!-- \/ Yoast SEO plugin. -->","yoast_head_json":{"title":"WAICO GROUP VUELA A LIMA,\u00a0PER\u00d9 - Waico Group ES","robots":{"index":"index","follow":"follow","max-snippet":"max-snippet:-1","max-image-preview":"max-image-preview:large","max-video-preview":"max-video-preview:-1"},"canonical":"https:\/\/www.waicogroup.com\/es\/blog\/2024\/08\/29\/waico-group-vuela-a-lima-peru\/","og_locale":"es_ES","og_type":"article","og_title":"WAICO GROUP VUELA A LIMA,\u00a0PER\u00d9 - Waico Group ES","og_description":"Un\u00a0exclusivo\u00a0taller de 2 d\u00edas sobre Pizzer\u00eda, Panader\u00eda y\u00a0pasteler\u00eda\u00a0Italiana. 10-11 de Septiembre, Lima, Per\u00fa.","og_url":"https:\/\/www.waicogroup.com\/es\/blog\/2024\/08\/29\/waico-group-vuela-a-lima-peru\/","og_site_name":"Waico Group ES","article_published_time":"2024-08-29T07:00:00+00:00","article_modified_time":"2024-08-30T07:34:07+00:00","og_image":[{"width":300,"height":350,"url":"https:\/\/www.waicogroup.com\/es\/wp-content\/uploads\/sites\/5\/2024\/08\/Waico_Man-Pan-a.jpg","type":"image\/jpeg"}],"author":"Waico Group","twitter_card":"summary_large_image","twitter_misc":{"Escrito por":"Waico Group","Tiempo de lectura":"1 minuto"},"schema":{"@context":"https:\/\/schema.org","@graph":[{"@type":"WebPage","@id":"https:\/\/www.waicogroup.com\/es\/blog\/2024\/08\/29\/waico-group-vuela-a-lima-peru\/","url":"https:\/\/www.waicogroup.com\/es\/blog\/2024\/08\/29\/waico-group-vuela-a-lima-peru\/","name":"WAICO GROUP VUELA A LIMA,\u00a0PER\u00d9 - Waico Group ES","isPartOf":{"@id":"https:\/\/www.waicogroup.com\/es\/#website"},"primaryImageOfPage":{"@id":"https:\/\/www.waicogroup.com\/es\/blog\/2024\/08\/29\/waico-group-vuela-a-lima-peru\/#primaryimage"},"image":{"@id":"https:\/\/www.waicogroup.com\/es\/blog\/2024\/08\/29\/waico-group-vuela-a-lima-peru\/#primaryimage"},"thumbnailUrl":"https:\/\/www.waicogroup.com\/es\/wp-content\/uploads\/sites\/5\/2024\/08\/Waico_Man-Pan-a.jpg","datePublished":"2024-08-29T07:00:00+00:00","dateModified":"2024-08-30T07:34:07+00:00","author":{"@id":"https:\/\/www.waicogroup.com\/es\/#\/schema\/person\/b77cc1d88518c61e415478d97ec67973"},"breadcrumb":{"@id":"https:\/\/www.waicogroup.com\/es\/blog\/2024\/08\/29\/waico-group-vuela-a-lima-peru\/#breadcrumb"},"inLanguage":"es","potentialAction":[{"@type":"ReadAction","target":["https:\/\/www.waicogroup.com\/es\/blog\/2024\/08\/29\/waico-group-vuela-a-lima-peru\/"]}]},{"@type":"ImageObject","inLanguage":"es","@id":"https:\/\/www.waicogroup.com\/es\/blog\/2024\/08\/29\/waico-group-vuela-a-lima-peru\/#primaryimage","url":"https:\/\/www.waicogroup.com\/es\/wp-content\/uploads\/sites\/5\/2024\/08\/Waico_Man-Pan-a.jpg","contentUrl":"https:\/\/www.waicogroup.com\/es\/wp-content\/uploads\/sites\/5\/2024\/08\/Waico_Man-Pan-a.jpg","width":300,"height":350},{"@type":"BreadcrumbList","@id":"https:\/\/www.waicogroup.com\/es\/blog\/2024\/08\/29\/waico-group-vuela-a-lima-peru\/#breadcrumb","itemListElement":[{"@type":"ListItem","position":1,"name":"Home","item":"https:\/\/www.waicogroup.com\/es\/"},{"@type":"ListItem","position":2,"name":"WAICO GROUP VUELA A LIMA,\u00a0PER\u00d9"}]},{"@type":"WebSite","@id":"https:\/\/www.waicogroup.com\/es\/#website","url":"https:\/\/www.waicogroup.com\/es\/","name":"Waico Group ES","description":"","potentialAction":[{"@type":"SearchAction","target":{"@type":"EntryPoint","urlTemplate":"https:\/\/www.waicogroup.com\/es\/?s={search_term_string}"},"query-input":{"@type":"PropertyValueSpecification","valueRequired":true,"valueName":"search_term_string"}}],"inLanguage":"es"},{"@type":"Person","@id":"https:\/\/www.waicogroup.com\/es\/#\/schema\/person\/b77cc1d88518c61e415478d97ec67973","name":"Waico Group","image":{"@type":"ImageObject","inLanguage":"es","@id":"https:\/\/www.waicogroup.com\/es\/#\/schema\/person\/image\/","url":"https:\/\/secure.gravatar.com\/avatar\/33c050bbb7f82db376157eacafe471d55dff0d7104fb6ed26afd43ca059e7cde?s=96&d=mm&r=g","contentUrl":"https:\/\/secure.gravatar.com\/avatar\/33c050bbb7f82db376157eacafe471d55dff0d7104fb6ed26afd43ca059e7cde?s=96&d=mm&r=g","caption":"Waico Group"},"url":"https:\/\/www.waicogroup.com\/es\/blog\/author\/waico-group\/"}]}},"_links":{"self":[{"href":"https:\/\/www.waicogroup.com\/es\/wp-json\/wp\/v2\/posts\/1037","targetHints":{"allow":["GET"]}}],"collection":[{"href":"https:\/\/www.waicogroup.com\/es\/wp-json\/wp\/v2\/posts"}],"about":[{"href":"https:\/\/www.waicogroup.com\/es\/wp-json\/wp\/v2\/types\/post"}],"author":[{"embeddable":true,"href":"https:\/\/www.waicogroup.com\/es\/wp-json\/wp\/v2\/users\/4"}],"replies":[{"embeddable":true,"href":"https:\/\/www.waicogroup.com\/es\/wp-json\/wp\/v2\/comments?post=1037"}],"version-history":[{"count":0,"href":"https:\/\/www.waicogroup.com\/es\/wp-json\/wp\/v2\/posts\/1037\/revisions"}],"wp:featuredmedia":[{"embeddable":true,"href":"https:\/\/www.waicogroup.com\/es\/wp-json\/wp\/v2\/media\/1040"}],"wp:attachment":[{"href":"https:\/\/www.waicogroup.com\/es\/wp-json\/wp\/v2\/media?parent=1037"}],"wp:term":[{"taxonomy":"category","embeddable":true,"href":"https:\/\/www.waicogroup.com\/es\/wp-json\/wp\/v2\/categories?post=1037"},{"taxonomy":"post_tag","embeddable":true,"href":"https:\/\/www.waicogroup.com\/es\/wp-json\/wp\/v2\/tags?post=1037"}],"curies":[{"name":"wp","href":"https:\/\/api.w.org\/{rel}","templated":true}]}}