{"id":85,"date":"2023-09-14T12:00:00","date_gmt":"2023-09-14T10:00:00","guid":{"rendered":"https:\/\/www.waicogroup.com\/de\/?p=85"},"modified":"2023-10-09T15:35:00","modified_gmt":"2023-10-09T13:35:00","slug":"die-waico-group-nimmt-an-der-host-mailand-2023-teil","status":"publish","type":"post","link":"https:\/\/www.waicogroup.com\/de\/blog\/2023\/09\/14\/die-waico-group-nimmt-an-der-host-mailand-2023-teil\/","title":{"rendered":"Die Waico Group nimmt an der Host Mailand 2023 teil"},"content":{"rendered":"\n<h2 class=\"wp-block-heading has-heading-h-2-font-size\">BESUCHEN SIE DIE MESSE UND ENTDECKEN SIE DIE WAICO GROUP<\/h2>\n\n\n\n<div class=\"wp-block-columns is-layout-flex wp-container-core-columns-is-layout-28f84493 wp-block-columns-is-layout-flex\">\n<div class=\"wp-block-column is-layout-flow wp-block-column-is-layout-flow\" style=\"flex-basis:100%\">\n<figure class=\"wp-block-image aligncenter size-full\"><img loading=\"lazy\" decoding=\"async\" width=\"620\" height=\"620\" src=\"https:\/\/www.waicogroup.com\/de\/wp-content\/uploads\/sites\/4\/2023\/09\/host-fiera-1.jpg\" alt=\"\" class=\"wp-image-819\" srcset=\"https:\/\/www.waicogroup.com\/de\/wp-content\/uploads\/sites\/4\/2023\/09\/host-fiera-1.jpg 620w, https:\/\/www.waicogroup.com\/de\/wp-content\/uploads\/sites\/4\/2023\/09\/host-fiera-1-300x300.jpg 300w, https:\/\/www.waicogroup.com\/de\/wp-content\/uploads\/sites\/4\/2023\/09\/host-fiera-1-150x150.jpg 150w\" sizes=\"auto, (max-width: 620px) 100vw, 620px\" \/><\/figure>\n<\/div>\n\n\n\n<div class=\"wp-block-column is-layout-flow wp-block-column-is-layout-flow\" style=\"flex-basis:100%\">\n<p class=\"has-text-medium-font-size\">Der erste Termin ist die <strong>HOST 2023<\/strong>, die Weltmesse f\u00fcr den <strong>Sektor Ho.Re.Ca und Food Service<\/strong>, die <strong>vom 13. bis 17. Oktober<\/strong> in Mailand stattfindet. Zu den vielen Neuheiten geh\u00f6rt die Gelegenheit, die Produktneuigkeiten jeder einzelnen Marke auf einem einzigen Stand zu entdecken und live an Masterclasses und Showcookings teilzunehmen. Sie finden uns in <strong>Halle 4 an Stand C23\/33 &#8211; D24\/34<\/strong>.<\/p>\n\n\n\n<p class=\"\">Nicht vers\u00e4umen!<\/p>\n<\/div>\n<\/div>\n\n\n\n<div class=\"wp-block-columns is-layout-flex wp-container-core-columns-is-layout-28f84493 wp-block-columns-is-layout-flex\">\n<div class=\"wp-block-column is-layout-flow wp-block-column-is-layout-flow\">\n<h4 class=\"wp-block-heading\"><strong>MASTERCLASS HOST \u201823<\/strong> &#8211; PROGRAMMA<\/h4>\n<\/div>\n<\/div>\n\n\n\n<div class=\"wp-block-columns is-layout-flex wp-container-core-columns-is-layout-28f84493 wp-block-columns-is-layout-flex\">\n<div class=\"wp-block-column is-layout-flow wp-block-column-is-layout-flow\">\n<h6 class=\"wp-block-heading\">VENERD\u00cc 13.10.23<\/h6>\n\n\n\n<p class=\"\"><strong>H.11.00 &gt; VITO DE VITA (Specialist)<\/strong><br>_ La pizza napoletana e gli impasti del benessere<br><strong>H.13.00 &gt; ALESSANDRO NEGRINI (Specialist)<\/strong><br>_ L\u2019arte della pasticceria nel laboratorio del futuro<br><strong>H.15.00 &gt; MAURIZIO LEONE (Specialist)<\/strong><br>_ Produttivit\u00e0, replicabilit\u00e0, velocit\u00e0: le qualit\u00e0 di un forno a tunnel <\/p>\n\n\n\n<h5 class=\"wp-block-heading\">SABATO 14.10.23 <\/h5>\n\n\n\n<p class=\"\"><strong>H.11.00 &gt; MAURIZIO LEONE (Specialist)<\/strong><br>_ Pizza rigenerata e produzioni elevate<br><strong>H.13.00 &gt; ALEX LO STOCCO (Ambassador) + ANGELO MANIGRASSO (Specialist)<\/strong><br>_ La pizza croccante dall\u2019impasto alla cottura<br><strong>H.15.00 &gt; ALESSANDRO NEGRINI (Specialist)<br><\/strong>_ Il laboratorio del pane 2.0: come gestire al meglio la tecnologia<\/p>\n\n\n\n<h5 class=\"wp-block-heading\">DOMENICA 15.10.23<\/h5>\n\n\n\n<p class=\"\"><strong>H.11.00 &gt; ALESSANDRO NEGRINI (Specialist)<br><\/strong>_ L\u2019arte della pasticceria nel laboratorio del futuro<br><strong>H.13.00 &gt; ALEX LO STOCCO (Ambassador) + ANGELO MANIGRASSO (Specialist) <\/strong><br>_ Un viaggio da nord a sud nel mondo delle focacce<br><strong>H.15.00 &gt; VITO DE VITA (Specialist)<br><\/strong>_ Forno elettrico plus e benefici<\/p>\n<\/div>\n\n\n\n<div class=\"wp-block-column is-layout-flow wp-block-column-is-layout-flow\">\n<h5 class=\"wp-block-heading\">LUNED\u00cc 16.10.23<\/h5>\n\n\n\n<p class=\"\"><strong>H.11.00 &gt; ALESSANDRO NEGRINI (Specialist)<\/strong><br>_ Il laboratorio del pane 2.0: come gestire al meglio la tecnologia<br><strong>H.13.00 &gt; ALEX LO STOCCO (Ambassador) + ANGELO MANIGRASSO (Specialist)<\/strong><br>_ Mille e una pizza: La teglia, la tonda, la pala, il tegamino &#8230;<br><strong>H.15.00 &gt; MAURIZIO LEONE (Specialist)<\/strong><br>_ Produttivit\u00e0, replicabilit\u00e0, velocit\u00e0: le qualit\u00e0 di un forno a tunnel<\/p>\n\n\n\n<h5 class=\"wp-block-heading\">MARTED\u00cc 17.10.23<\/h5>\n\n\n\n<p class=\"\"><strong>H.11.00 &gt; ALESSANDRO NEGRINI (Specialist)<br><\/strong>_ Il forno multicamera e le sue molteplici funzionalit\u00e0 <br><strong>H.13.00 &gt; VITO DE VITA + MAURIZIO LEONE (Specialist) <\/strong><br>_ Tandem creativo tra professionisti del settore<\/p>\n<\/div>\n<\/div>\n","protected":false},"excerpt":{"rendered":"<p>Wir werden vom 13. bis 17. Oktober auf der Host, der Mail\u00e4nder Weltmesse f\u00fcr den Sektor Ho.Re.Ca und Food Service, vertreten sein.<\/p>\n","protected":false},"author":4,"featured_media":525,"comment_status":"closed","ping_status":"closed","sticky":false,"template":"","format":"standard","meta":{"_acf_changed":false,"content-type":"","footnotes":""},"categories":[11],"tags":[],"class_list":["post-85","post","type-post","status-publish","format-standard","has-post-thumbnail","hentry","category-newsmedia"],"acf":[],"yoast_head":"<!-- This site is optimized with the Yoast SEO plugin v26.6 - https:\/\/yoast.com\/wordpress\/plugins\/seo\/ -->\n<title>Die Waico Group nimmt an der Host Mailand 2023 teil - Waico Group DE<\/title>\n<meta name=\"robots\" content=\"index, follow, max-snippet:-1, max-image-preview:large, max-video-preview:-1\" \/>\n<link rel=\"canonical\" href=\"https:\/\/www.waicogroup.com\/de\/blog\/2023\/09\/14\/die-waico-group-nimmt-an-der-host-mailand-2023-teil\/\" \/>\n<meta property=\"og:locale\" content=\"de_DE\" \/>\n<meta property=\"og:type\" content=\"article\" \/>\n<meta property=\"og:title\" content=\"Die Waico Group nimmt an der Host Mailand 2023 teil - Waico Group DE\" \/>\n<meta property=\"og:description\" content=\"Wir werden vom 13. bis 17. Oktober auf der Host, der Mail\u00e4nder Weltmesse f\u00fcr den Sektor Ho.Re.Ca und Food Service, vertreten sein.\" \/>\n<meta property=\"og:url\" content=\"https:\/\/www.waicogroup.com\/de\/blog\/2023\/09\/14\/die-waico-group-nimmt-an-der-host-mailand-2023-teil\/\" \/>\n<meta property=\"og:site_name\" content=\"Waico Group DE\" \/>\n<meta property=\"article:published_time\" content=\"2023-09-14T10:00:00+00:00\" \/>\n<meta property=\"article:modified_time\" content=\"2023-10-09T13:35:00+00:00\" \/>\n<meta property=\"og:image\" content=\"https:\/\/www.waicogroup.com\/de\/wp-content\/uploads\/sites\/4\/2023\/08\/News-Host-anteprima.jpg\" \/>\n\t<meta property=\"og:image:width\" content=\"300\" \/>\n\t<meta property=\"og:image:height\" content=\"350\" \/>\n\t<meta property=\"og:image:type\" content=\"image\/jpeg\" \/>\n<meta name=\"author\" content=\"Waico Group\" \/>\n<meta name=\"twitter:card\" content=\"summary_large_image\" \/>\n<meta name=\"twitter:label1\" content=\"Verfasst von\" \/>\n\t<meta name=\"twitter:data1\" content=\"Waico Group\" \/>\n\t<meta name=\"twitter:label2\" content=\"Gesch\u00e4tzte Lesezeit\" \/>\n\t<meta name=\"twitter:data2\" content=\"2\u00a0Minuten\" \/>\n<script type=\"application\/ld+json\" class=\"yoast-schema-graph\">{\"@context\":\"https:\/\/schema.org\",\"@graph\":[{\"@type\":\"WebPage\",\"@id\":\"https:\/\/www.waicogroup.com\/de\/blog\/2023\/09\/14\/die-waico-group-nimmt-an-der-host-mailand-2023-teil\/\",\"url\":\"https:\/\/www.waicogroup.com\/de\/blog\/2023\/09\/14\/die-waico-group-nimmt-an-der-host-mailand-2023-teil\/\",\"name\":\"Die Waico Group nimmt an der Host Mailand 2023 teil - Waico Group DE\",\"isPartOf\":{\"@id\":\"https:\/\/www.waicogroup.com\/de\/#website\"},\"primaryImageOfPage\":{\"@id\":\"https:\/\/www.waicogroup.com\/de\/blog\/2023\/09\/14\/die-waico-group-nimmt-an-der-host-mailand-2023-teil\/#primaryimage\"},\"image\":{\"@id\":\"https:\/\/www.waicogroup.com\/de\/blog\/2023\/09\/14\/die-waico-group-nimmt-an-der-host-mailand-2023-teil\/#primaryimage\"},\"thumbnailUrl\":\"https:\/\/www.waicogroup.com\/de\/wp-content\/uploads\/sites\/4\/2023\/08\/News-Host-anteprima.jpg\",\"datePublished\":\"2023-09-14T10:00:00+00:00\",\"dateModified\":\"2023-10-09T13:35:00+00:00\",\"author\":{\"@id\":\"https:\/\/www.waicogroup.com\/de\/#\/schema\/person\/b77cc1d88518c61e415478d97ec67973\"},\"breadcrumb\":{\"@id\":\"https:\/\/www.waicogroup.com\/de\/blog\/2023\/09\/14\/die-waico-group-nimmt-an-der-host-mailand-2023-teil\/#breadcrumb\"},\"inLanguage\":\"de\",\"potentialAction\":[{\"@type\":\"ReadAction\",\"target\":[\"https:\/\/www.waicogroup.com\/de\/blog\/2023\/09\/14\/die-waico-group-nimmt-an-der-host-mailand-2023-teil\/\"]}]},{\"@type\":\"ImageObject\",\"inLanguage\":\"de\",\"@id\":\"https:\/\/www.waicogroup.com\/de\/blog\/2023\/09\/14\/die-waico-group-nimmt-an-der-host-mailand-2023-teil\/#primaryimage\",\"url\":\"https:\/\/www.waicogroup.com\/de\/wp-content\/uploads\/sites\/4\/2023\/08\/News-Host-anteprima.jpg\",\"contentUrl\":\"https:\/\/www.waicogroup.com\/de\/wp-content\/uploads\/sites\/4\/2023\/08\/News-Host-anteprima.jpg\",\"width\":300,\"height\":350},{\"@type\":\"BreadcrumbList\",\"@id\":\"https:\/\/www.waicogroup.com\/de\/blog\/2023\/09\/14\/die-waico-group-nimmt-an-der-host-mailand-2023-teil\/#breadcrumb\",\"itemListElement\":[{\"@type\":\"ListItem\",\"position\":1,\"name\":\"Home\",\"item\":\"https:\/\/www.waicogroup.com\/de\/\"},{\"@type\":\"ListItem\",\"position\":2,\"name\":\"Die Waico Group nimmt an der Host Mailand 2023 teil\"}]},{\"@type\":\"WebSite\",\"@id\":\"https:\/\/www.waicogroup.com\/de\/#website\",\"url\":\"https:\/\/www.waicogroup.com\/de\/\",\"name\":\"Waico Group DE\",\"description\":\"\",\"potentialAction\":[{\"@type\":\"SearchAction\",\"target\":{\"@type\":\"EntryPoint\",\"urlTemplate\":\"https:\/\/www.waicogroup.com\/de\/?s={search_term_string}\"},\"query-input\":{\"@type\":\"PropertyValueSpecification\",\"valueRequired\":true,\"valueName\":\"search_term_string\"}}],\"inLanguage\":\"de\"},{\"@type\":\"Person\",\"@id\":\"https:\/\/www.waicogroup.com\/de\/#\/schema\/person\/b77cc1d88518c61e415478d97ec67973\",\"name\":\"Waico Group\",\"image\":{\"@type\":\"ImageObject\",\"inLanguage\":\"de\",\"@id\":\"https:\/\/www.waicogroup.com\/de\/#\/schema\/person\/image\/\",\"url\":\"https:\/\/secure.gravatar.com\/avatar\/33c050bbb7f82db376157eacafe471d55dff0d7104fb6ed26afd43ca059e7cde?s=96&d=mm&r=g\",\"contentUrl\":\"https:\/\/secure.gravatar.com\/avatar\/33c050bbb7f82db376157eacafe471d55dff0d7104fb6ed26afd43ca059e7cde?s=96&d=mm&r=g\",\"caption\":\"Waico Group\"},\"url\":\"https:\/\/www.waicogroup.com\/de\/blog\/author\/waico-group\/\"}]}<\/script>\n<!-- \/ Yoast SEO plugin. -->","yoast_head_json":{"title":"Die Waico Group nimmt an der Host Mailand 2023 teil - Waico Group DE","robots":{"index":"index","follow":"follow","max-snippet":"max-snippet:-1","max-image-preview":"max-image-preview:large","max-video-preview":"max-video-preview:-1"},"canonical":"https:\/\/www.waicogroup.com\/de\/blog\/2023\/09\/14\/die-waico-group-nimmt-an-der-host-mailand-2023-teil\/","og_locale":"de_DE","og_type":"article","og_title":"Die Waico Group nimmt an der Host Mailand 2023 teil - Waico Group DE","og_description":"Wir werden vom 13. bis 17. Oktober auf der Host, der Mail\u00e4nder Weltmesse f\u00fcr den Sektor Ho.Re.Ca und Food Service, vertreten sein.","og_url":"https:\/\/www.waicogroup.com\/de\/blog\/2023\/09\/14\/die-waico-group-nimmt-an-der-host-mailand-2023-teil\/","og_site_name":"Waico Group DE","article_published_time":"2023-09-14T10:00:00+00:00","article_modified_time":"2023-10-09T13:35:00+00:00","og_image":[{"width":300,"height":350,"url":"https:\/\/www.waicogroup.com\/de\/wp-content\/uploads\/sites\/4\/2023\/08\/News-Host-anteprima.jpg","type":"image\/jpeg"}],"author":"Waico Group","twitter_card":"summary_large_image","twitter_misc":{"Verfasst von":"Waico Group","Gesch\u00e4tzte Lesezeit":"2\u00a0Minuten"},"schema":{"@context":"https:\/\/schema.org","@graph":[{"@type":"WebPage","@id":"https:\/\/www.waicogroup.com\/de\/blog\/2023\/09\/14\/die-waico-group-nimmt-an-der-host-mailand-2023-teil\/","url":"https:\/\/www.waicogroup.com\/de\/blog\/2023\/09\/14\/die-waico-group-nimmt-an-der-host-mailand-2023-teil\/","name":"Die Waico Group nimmt an der Host Mailand 2023 teil - Waico Group DE","isPartOf":{"@id":"https:\/\/www.waicogroup.com\/de\/#website"},"primaryImageOfPage":{"@id":"https:\/\/www.waicogroup.com\/de\/blog\/2023\/09\/14\/die-waico-group-nimmt-an-der-host-mailand-2023-teil\/#primaryimage"},"image":{"@id":"https:\/\/www.waicogroup.com\/de\/blog\/2023\/09\/14\/die-waico-group-nimmt-an-der-host-mailand-2023-teil\/#primaryimage"},"thumbnailUrl":"https:\/\/www.waicogroup.com\/de\/wp-content\/uploads\/sites\/4\/2023\/08\/News-Host-anteprima.jpg","datePublished":"2023-09-14T10:00:00+00:00","dateModified":"2023-10-09T13:35:00+00:00","author":{"@id":"https:\/\/www.waicogroup.com\/de\/#\/schema\/person\/b77cc1d88518c61e415478d97ec67973"},"breadcrumb":{"@id":"https:\/\/www.waicogroup.com\/de\/blog\/2023\/09\/14\/die-waico-group-nimmt-an-der-host-mailand-2023-teil\/#breadcrumb"},"inLanguage":"de","potentialAction":[{"@type":"ReadAction","target":["https:\/\/www.waicogroup.com\/de\/blog\/2023\/09\/14\/die-waico-group-nimmt-an-der-host-mailand-2023-teil\/"]}]},{"@type":"ImageObject","inLanguage":"de","@id":"https:\/\/www.waicogroup.com\/de\/blog\/2023\/09\/14\/die-waico-group-nimmt-an-der-host-mailand-2023-teil\/#primaryimage","url":"https:\/\/www.waicogroup.com\/de\/wp-content\/uploads\/sites\/4\/2023\/08\/News-Host-anteprima.jpg","contentUrl":"https:\/\/www.waicogroup.com\/de\/wp-content\/uploads\/sites\/4\/2023\/08\/News-Host-anteprima.jpg","width":300,"height":350},{"@type":"BreadcrumbList","@id":"https:\/\/www.waicogroup.com\/de\/blog\/2023\/09\/14\/die-waico-group-nimmt-an-der-host-mailand-2023-teil\/#breadcrumb","itemListElement":[{"@type":"ListItem","position":1,"name":"Home","item":"https:\/\/www.waicogroup.com\/de\/"},{"@type":"ListItem","position":2,"name":"Die Waico Group nimmt an der Host Mailand 2023 teil"}]},{"@type":"WebSite","@id":"https:\/\/www.waicogroup.com\/de\/#website","url":"https:\/\/www.waicogroup.com\/de\/","name":"Waico Group DE","description":"","potentialAction":[{"@type":"SearchAction","target":{"@type":"EntryPoint","urlTemplate":"https:\/\/www.waicogroup.com\/de\/?s={search_term_string}"},"query-input":{"@type":"PropertyValueSpecification","valueRequired":true,"valueName":"search_term_string"}}],"inLanguage":"de"},{"@type":"Person","@id":"https:\/\/www.waicogroup.com\/de\/#\/schema\/person\/b77cc1d88518c61e415478d97ec67973","name":"Waico Group","image":{"@type":"ImageObject","inLanguage":"de","@id":"https:\/\/www.waicogroup.com\/de\/#\/schema\/person\/image\/","url":"https:\/\/secure.gravatar.com\/avatar\/33c050bbb7f82db376157eacafe471d55dff0d7104fb6ed26afd43ca059e7cde?s=96&d=mm&r=g","contentUrl":"https:\/\/secure.gravatar.com\/avatar\/33c050bbb7f82db376157eacafe471d55dff0d7104fb6ed26afd43ca059e7cde?s=96&d=mm&r=g","caption":"Waico Group"},"url":"https:\/\/www.waicogroup.com\/de\/blog\/author\/waico-group\/"}]}},"_links":{"self":[{"href":"https:\/\/www.waicogroup.com\/de\/wp-json\/wp\/v2\/posts\/85","targetHints":{"allow":["GET"]}}],"collection":[{"href":"https:\/\/www.waicogroup.com\/de\/wp-json\/wp\/v2\/posts"}],"about":[{"href":"https:\/\/www.waicogroup.com\/de\/wp-json\/wp\/v2\/types\/post"}],"author":[{"embeddable":true,"href":"https:\/\/www.waicogroup.com\/de\/wp-json\/wp\/v2\/users\/4"}],"replies":[{"embeddable":true,"href":"https:\/\/www.waicogroup.com\/de\/wp-json\/wp\/v2\/comments?post=85"}],"version-history":[{"count":0,"href":"https:\/\/www.waicogroup.com\/de\/wp-json\/wp\/v2\/posts\/85\/revisions"}],"wp:featuredmedia":[{"embeddable":true,"href":"https:\/\/www.waicogroup.com\/de\/wp-json\/wp\/v2\/media\/525"}],"wp:attachment":[{"href":"https:\/\/www.waicogroup.com\/de\/wp-json\/wp\/v2\/media?parent=85"}],"wp:term":[{"taxonomy":"category","embeddable":true,"href":"https:\/\/www.waicogroup.com\/de\/wp-json\/wp\/v2\/categories?post=85"},{"taxonomy":"post_tag","embeddable":true,"href":"https:\/\/www.waicogroup.com\/de\/wp-json\/wp\/v2\/tags?post=85"}],"curies":[{"name":"wp","href":"https:\/\/api.w.org\/{rel}","templated":true}]}}